{"id":1183,"date":"2021-05-29T10:50:08","date_gmt":"2021-05-29T08:50:08","guid":{"rendered":"https:\/\/borekstary.przemyska.pl\/?p=1183"},"modified":"2021-06-01T14:25:43","modified_gmt":"2021-06-01T12:25:43","slug":"nowenna-przed-aktem-poswiecenia-polski-najswietszemu-sercu-pana-jezusa","status":"publish","type":"post","link":"https:\/\/borekstary.przemyska.pl\/index.php\/2021\/05\/29\/nowenna-przed-aktem-poswiecenia-polski-najswietszemu-sercu-pana-jezusa\/","title":{"rendered":"Nowenna przed Aktem po\u015bwi\u0119cenia Polski Naj\u015bwi\u0119tszemu Sercu Pana Jezusa"},"content":{"rendered":"<p style=\"text-align: left;\">W Uroczysto\u015b\u0107 Naj\u015bwi\u0119tszego Serca Pana Jezusa, 11 czerwca 2021 r.,<br \/>\nw Bazylice Naj\u015bwi\u0119tszego Serca Pana Jezusa w Krakowie,<br \/>\nEpiskopat Polski na czele z abp. Stanis\u0142awem G\u0105deckim,<br \/>\nw 100-lecie po\u015bwi\u0119cenia tej\u017ce Bazyliki<br \/>\noraz w 100-lecie aktu po\u015bwi\u0119cenia narodu polskiego Sercu Jezusa,<br \/>\njakie mia\u0142o miejsce na Ma\u0142ym Rynku w Krakowie w 1921 r.,<br \/>\nkolejny raz zawierzy Bo\u017cemu Sercu ca\u0142\u0105 nasz\u0105 Ojczyzn\u0119.<\/p>\n<p style=\"text-align: left;\">Jako Archidiecezja Przemyska,\u00a0kt\u00f3r\u0105 kierowa\u0142 przez wiele lat<br \/>\nwielki Czciciel Naj\u015bwi\u0119tszego Serca Jezusowego,\u00a0\u015bw. J\u00f3zef Sebastian Pelczar,<br \/>\nchcemy duchowo przygotowa\u0107 si\u0119 do tego wielkiego wydarzenia<br \/>\npoprzez\u00a0<strong>diecezjaln\u0105<\/strong>\u00a0<strong>nowenn\u0119 (2-10 czerwca 2021)<\/strong>,<br \/>\nkt\u00f3ra b\u0119dzie mia\u0142a miejsce w jaros\u0142awskim Ko\u015bciele pw. \u015bw. Miko\u0142aja (Opactwo).<\/p>\n<p style=\"text-align: left;\"><strong>Nowenna b\u0119dzie w ca\u0142o\u015bci transmitowana (audio i video) przez Radio FARA.<\/strong><\/p>\n<p style=\"text-align: left;\">Wi\u0119cej informacji, szczeg\u00f3\u0142owy plan nowenny,<br \/>\nmo\u017cliwo\u015b\u0107 zapisu na ca\u0142odobow\u0105 adoracj\u0119<br \/>\noraz modlitwy do pobrania s\u0105 dost\u0119pne na stronie:<\/p>\n<p style=\"text-align: center;\"><a href=\"https:\/\/nowenna.opactwo.pl\/\"><strong>\u00a0nowenna.opactwo.pl<\/strong><\/a><\/p>\n<p style=\"text-align: center;\"><strong>Zapraszamy do wsp\u00f3lnej modlitwy!<\/strong><\/p>\n<p>&nbsp;<\/p>\n<p><strong>\u00a0 \u00a0 \u00a0 \u00a0 \u00a0 \u00a0 \u00a0 \u00a0 \u00a0Akt po\u015bwi\u0119cenia RODZINY\u00a0 Naj\u015bwi\u0119tszemu Sercu Jezusowemu<\/strong><\/p>\n<p>&nbsp;<\/p>\n<p>Rodzina gromadzi si\u0119 wok\u00f3\u0142 sto\u0142u. Na bia\u0142ym obrusie k\u0142adziemy obraz Serca Pana Jezusa, a obok nie zapalon\u0105 \u015bwiec\u0119 i wi\u0105zank\u0119 kwiat\u00f3w. Nast\u0119pnie prowadz\u0105cy (ojciec albo matka) rozpoczyna modlitw\u0119 od s\u0142\u00f3w:<\/p>\n<p>W imi\u0119 Ojca i Syna i Ducha \u015awi\u0119tego. Amen.<\/p>\n<p>&nbsp;<\/p>\n<p>Nast\u0119pnie zapala \u015bwiec\u0119 i ukazuj\u0105c j\u0105 zebranym wypowiada s\u0142owa:<\/p>\n<p>\u015awiat\u0142o Chrystusa.<\/p>\n<p>&nbsp;<\/p>\n<p>Wszyscy odpowiadaj\u0105:<\/p>\n<p>Bogu niech b\u0119d\u0105 dzi\u0119ki.<\/p>\n<p>&nbsp;<\/p>\n<p>Prowadz\u0105cy zwraca si\u0119 do zebranych:<\/p>\n<p>Jedna z obietnic Serca Bo\u017cego powiada: \u201eDom, gdzie czci\u0107 b\u0119d\u0105 obraz Serca Mego, z b\u0142ogos\u0142awie\u0144stwa zas\u0142ynie Bo\u017cego\u201d. Chcemy od dzi\u015b w naszym domu otacza\u0107 czci\u0105 ten po\u015bwi\u0119cony obraz Serca Bo\u017cego, chcemy przed tym obrazem po\u015bwi\u0119ci\u0107 ca\u0142\u0105 nasz\u0105 rodzin\u0119 Bogu mi\u0142o\u015bci \u2013 Chrystusowi.<\/p>\n<p>Naj\u015bwi\u0119tsze Serce Jezusa, Zbawco nasz! Wiemy, \u017ce chcesz utwierdzi\u0107 kr\u00f3lestwo \u015bwi\u0119tej mi\u0142o\u015bci na ziemi. Chcesz dokona\u0107 tego przez rodziny, kt\u00f3re wprowadz\u0105 Ci\u0119 do dom\u00f3w swoich i zechc\u0105 kierowa\u0107 si\u0119 Twoim Boskim prawem.\u00a0 \u2013 Do rodzin takich i my chcemy nale\u017ce\u0107. Ciebie, Bo\u017ce Serce \u2013 mi\u0142o\u015bci odwieczna, uznajemy na zawsze g\u0142ow\u0105 naszej rodziny. Poddajemy Twemu panowaniu nasz umys\u0142 przez \u017cyw\u0105 wiar\u0119: poddajemy wol\u0119 przez zachowywanie Twoich przykaza\u0144 \u2013 \u201ekr\u00f3lestwo Bo\u017ce w nas jest\u201d. Przyrzekamy wi\u0119c strzec \u0142aski u\u015bwi\u0119caj\u0105cej i zjednoczy\u0107 si\u0119 z Tob\u0105 w cz\u0119stej Komunii \u015bwi\u0119tej. Do\u0142o\u017cymy te\u017c wszelkich stara\u0144, aby kraj nasz by\u0142 prawdziwie kr\u00f3lestwem Twoim i Twojej Matki. Postanawiamy walczy\u0107 z grzechem, broni\u0107 nierozerwalno\u015bci i \u015bwi\u0119to\u015bci ma\u0142\u017ce\u0144stwa, strzec \u017cycia nienarodzonych, dba\u0107 o skuteczne i pe\u0142ne wychowanie religijne dzieci i m\u0142odzie\u017cy, walczy\u0107 z wadami naszymi, g\u0142\u00f3wnie z pija\u0144stwem, nieczysto\u015bci\u0105 i nieposzanowaniem dnia \u015bwi\u0119tego. \u2013 B\u0105d\u017a, dobry Jezu, kr\u00f3lem naszej rodziny i zjednoczeniem naszych serc. B\u0105d\u017a z nami w pracy i odpoczynku. Dziel z nami i u\u015bwi\u0119caj dol\u0119 i niedol\u0119. Spraw, aby kiedy\u015b ca\u0142a nasza rodzina na zawsze zjednoczy\u0142a si\u0119 z Tob\u0105, wielbi\u0142a w niebie Twoj\u0105 mi\u0142o\u015b\u0107 i mi\u0142osierdzie. \u2013 Ten akt oddania si\u0119 Tobie ofiarujemy przez r\u0119ce Matki Twej Niepokalanej i przybranego Ojca Twego, \u015bwi\u0119tego J\u00f3zefa. Naj\u015bwi\u0119tsze Serce Jezusa, przyjd\u017a kr\u00f3lestwo Twoje. Amen.<\/p>\n<p>&nbsp;<\/p>\n<p>Po modlitwie mo\u017cna od\u015bpiewa\u0107 hymn do Naj\u015bwi\u0119tszego Serca Pana Jezusa. Hymn \u015bpiewamy w postawie stoj\u0105cej:<\/p>\n<p>Naj\u015bwi\u0119tsze Serce Bo\u017ce, po\u015bwi\u0119camy Ci<\/p>\n<p>nasz\u0105 Ojczyzn\u0119, nasz\u0105 parafi\u0119,<\/p>\n<p>nasze rodziny i nas samych.<\/p>\n<p>Serce Bo\u017ce, przyjd\u017a kr\u00f3lestwo Twoje! (3 razy)<\/p>\n<p>&nbsp;<\/p>\n<p>Po od\u015bpiewaniu pie\u015bni, na odwrocie obrazu wypisujemy nazwisko i imiona domownik\u00f3w, a nast\u0119pnie po uca\u0142owaniu zawieszamy na \u015bcianie. Na zako\u0144czenie mo\u017cna odm\u00f3wi\u0107 <em>Litani\u0119 do Serca Pana Jezusa.<\/em><\/p>\n<p><em>\u00a0<\/em><\/p>\n<p>O ile jest, najm\u0142odsze dziecko gasi \u015bwiec\u0119 m\u00f3wi\u0105c:<\/p>\n<p>\u015awiat\u0142o Chrystusa niech pozostanie z nami na zawsze.<\/p>\n<p>&nbsp;<\/p>\n<p>Wszyscy odpowiadaj\u0105:<\/p>\n<p>Amen.<\/p>\n<p>&nbsp;<\/p>\n<p>Akt oddania ko\u0144czymy \u015bpiewem pie\u015bni: <em>Pob\u0142ogos\u0142aw Jezu drogi <\/em>lub innej.<\/p>\n<p>&nbsp;<\/p>\n","protected":false},"excerpt":{"rendered":"<p>W Uroczysto\u015b\u0107 Naj\u015bwi\u0119tszego Serca Pana Jezusa, 11 czerwca 2021 r., w Bazylice Naj\u015bwi\u0119tszego Serca Pana Jezusa w Krakowie, Episkopat Polski na czele z abp. Stanis\u0142awem G\u0105deckim, w 100-lecie po\u015bwi\u0119cenia tej\u017ce Bazyliki oraz w 100-lecie aktu po\u015bwi\u0119cenia narodu polskiego Sercu Jezusa, jakie mia\u0142o miejsce na Ma\u0142ym Rynku w Krakowie w 1921 r., kolejny raz zawierzy Bo\u017cemu&hellip; <br \/> <a class=\"read-more\" href=\"https:\/\/borekstary.przemyska.pl\/index.php\/2021\/05\/29\/nowenna-przed-aktem-poswiecenia-polski-najswietszemu-sercu-pana-jezusa\/\">Dowiedz si\u0119 wi\u0119cej<\/a><\/p>\n","protected":false},"author":1,"featured_media":1185,"comment_status":"closed","ping_status":"closed","sticky":false,"template":"","format":"standard","meta":{"footnotes":""},"categories":[1],"tags":[],"class_list":["post-1183","post","type-post","status-publish","format-standard","has-post-thumbnail","hentry","category-bez-kategorii"],"_links":{"self":[{"href":"https:\/\/borekstary.przemyska.pl\/index.php\/wp-json\/wp\/v2\/posts\/1183","targetHints":{"allow":["GET"]}}],"collection":[{"href":"https:\/\/borekstary.przemyska.pl\/index.php\/wp-json\/wp\/v2\/posts"}],"about":[{"href":"https:\/\/borekstary.przemyska.pl\/index.php\/wp-json\/wp\/v2\/types\/post"}],"author":[{"embeddable":true,"href":"https:\/\/borekstary.przemyska.pl\/index.php\/wp-json\/wp\/v2\/users\/1"}],"replies":[{"embeddable":true,"href":"https:\/\/borekstary.przemyska.pl\/index.php\/wp-json\/wp\/v2\/comments?post=1183"}],"version-history":[{"count":2,"href":"https:\/\/borekstary.przemyska.pl\/index.php\/wp-json\/wp\/v2\/posts\/1183\/revisions"}],"predecessor-version":[{"id":1191,"href":"https:\/\/borekstary.przemyska.pl\/index.php\/wp-json\/wp\/v2\/posts\/1183\/revisions\/1191"}],"wp:featuredmedia":[{"embeddable":true,"href":"https:\/\/borekstary.przemyska.pl\/index.php\/wp-json\/wp\/v2\/media\/1185"}],"wp:attachment":[{"href":"https:\/\/borekstary.przemyska.pl\/index.php\/wp-json\/wp\/v2\/media?parent=1183"}],"wp:term":[{"taxonomy":"category","embeddable":true,"href":"https:\/\/borekstary.przemyska.pl\/index.php\/wp-json\/wp\/v2\/categories?post=1183"},{"taxonomy":"post_tag","embeddable":true,"href":"https:\/\/borekstary.przemyska.pl\/index.php\/wp-json\/wp\/v2\/tags?post=1183"}],"curies":[{"name":"wp","href":"https:\/\/api.w.org\/{rel}","templated":true}]}}